{"id":2255,"date":"2024-07-02T20:27:12","date_gmt":"2024-07-02T17:27:12","guid":{"rendered":"https:\/\/innfes.com\/pt\/summer-attic-from-the-attic-to-the-living-room\/"},"modified":"2024-07-02T20:27:12","modified_gmt":"2024-07-02T17:27:12","slug":"summer-attic-from-the-attic-to-the-living-room","status":"publish","type":"post","link":"https:\/\/innfes.com\/pt\/summer-attic-from-the-attic-to-the-living-room\/","title":{"rendered":"S\u00f3t\u00e3o de ver\u00e3o: do s\u00f3t\u00e3o para a sala de estar"},"content":{"rendered":"\n<p>Especialmente no ver\u00e3o, transformar o seu s\u00f3t\u00e3o numa \u00e1rea de habita\u00e7\u00e3o \u00fatil pode mudar completamente a sua vida. Transformar o seu s\u00f3t\u00e3o numa confort\u00e1vel sala de estar tem muitas vantagens em rela\u00e7\u00e3o a mant\u00ea-lo como uma \u00e1rea de armazenamento ou um espa\u00e7o subutilizado. Permite-lhe ter mais espa\u00e7o \u00fatil em casa e um local fresco para escapar ao calor do ver\u00e3o.<\/p>\n<p>Muitos propriet\u00e1rios utilizam o s\u00f3t\u00e3o apenas como um local para guardar decora\u00e7\u00f5es sazonais ou objectos deitados fora, n\u00e3o conseguindo aproveitar todo o potencial deste espa\u00e7o. Mas, com um planeamento e um design cuidadosos, o seu s\u00f3t\u00e3o pode tornar-se um espa\u00e7o luminoso e arejado, ideal para relaxar ou receber convidados. Imagine ter um ref\u00fagio tranquilo na sua pr\u00f3pria casa, com luz natural e uma brisa refrescante.<\/p>\n<p>Mobilar um s\u00f3t\u00e3o de ver\u00e3o n\u00e3o \u00e9 t\u00e3o simples como mudar os m\u00f3veis para l\u00e1. S\u00e3o frequentemente inclu\u00eddas actualiza\u00e7\u00f5es ao isolamento para manter temperaturas confort\u00e1veis, ventila\u00e7\u00e3o adequada para garantir a circula\u00e7\u00e3o de ar fresco e coloca\u00e7\u00e3o cuidadosa de janelas ou clarab\u00f3ias para otimizar a luz natural. Estes componentes tornam a sua casa mais sustent\u00e1vel, melhorando o conforto e aumentando a efici\u00eancia energ\u00e9tica.<\/p>\n<p>Esta publica\u00e7\u00e3o abordar\u00e1 conselhos \u00fateis e formas imaginativas de transformar o seu s\u00f3t\u00e3o num retiro de ver\u00e3o. Acompanh\u00e1-lo-emos em todas as etapas para transformar este espa\u00e7o n\u00e3o utilizado num complemento \u00fatil para a sua casa, onde pode relaxar e desfrutar do ver\u00e3o, desde as considera\u00e7\u00f5es de design \u00e0 sele\u00e7\u00e3o do isolamento.<\/p>\n<h2>Do s\u00f3t\u00e3o &#8211; para o s\u00f3t\u00e3o<\/h2>\n<p>Uma vez que a \u00e1rea do s\u00f3t\u00e3o no campo \u00e9 tipicamente pequena, a sua remodela\u00e7\u00e3o \u00e9 um processo simples que demora dois a tr\u00eas dias a concluir. Isto tamb\u00e9m explica o dia que tem de esperar ap\u00f3s o tratamento antiss\u00e9tico e anti-p\u00e9nis do sistema de caibros.<\/p>\n<p>O mais importante \u00e9 que a camada de impermeabiliza\u00e7\u00e3o por baixo da cobertura permane\u00e7a intacta. Ser\u00e1 mais dif\u00edcil e mais dispendioso isolar o s\u00f3t\u00e3o no pa\u00eds se n\u00e3o o fizer ou se o material de impermeabiliza\u00e7\u00e3o estiver desatualizado.<\/p>\n<h3>Prepara\u00e7\u00e3o para o isolamento do s\u00f3t\u00e3o<\/h3>\n<p>No campo, um s\u00f3t\u00e3o precisa de ser isolado para poder ser constru\u00eddo. Antes disso, devem ser aplicados compostos que previnam o apodrecimento, os fungos e o fogo em todos os componentes de madeira do sistema de caibros. Embora seja prefer\u00edvel utilizar uma escova, a pulveriza\u00e7\u00e3o com ar comprimido tamb\u00e9m \u00e9 uma op\u00e7\u00e3o, desde que sejam usados equipamentos de seguran\u00e7a.<\/p>\n<p><img decoding=\"async\" class=\"aligncenter\"  src=\"\/wp-content\/uploads\/2024\/07\/dachnye-mansardy-ot-cherdaka-do-zhiloj-komnaty_1.jpg\"><\/p>\n<p>De seguida, procure ind\u00edcios de impermeabiliza\u00e7\u00e3o, bem como indicadores de danos ou de envelhecimento (amarelecimento, fragilidade e rugosidade excessiva) no material. Se a barreira hidr\u00e1ulica estiver em boas condi\u00e7\u00f5es de funcionamento, pode passar diretamente para o isolamento do s\u00f3t\u00e3o no pa\u00eds. Caso contr\u00e1rio, a impermeabiliza\u00e7\u00e3o desactualizada ter\u00e1 de ser substitu\u00edda. H\u00e1 duas maneiras de o fazer:<\/p>\n<ul>\n<li>desmontar a cobertura antiga e colocar uma nova camada de impermeabiliza\u00e7\u00e3o;<\/li>\n<li>Adicionar a segunda camada de impermeabiliza\u00e7\u00e3o a partir do interior da divis\u00e3o.<\/li>\n<\/ul>\n<p>Embora a segunda op\u00e7\u00e3o seja muito mais econ\u00f3mica, \u00e9 prefer\u00edvel evitar. Existe apenas um m\u00e9todo para criar uma barreira hidr\u00e1ulica herm\u00e9tica sem arrancar o telhado: instalar material de impermeabiliza\u00e7\u00e3o sem utilizar vigas. Como h\u00e1 duas camadas de impermeabiliza\u00e7\u00e3o neste caso, a estrutura de madeira do telhado acabar\u00e1 por se deteriorar devido a este facto.<\/p>\n<p>No caso de o furo hidr\u00e1ulico estar selado, procedemos de imediato ao isolamento do s\u00f3t\u00e3o de uma casa rural.<\/p>\n<h3>Sele\u00e7\u00e3o e coloca\u00e7\u00e3o do isolamento<\/h3>\n<p>Um dos tr\u00eas tipos de isolamento seguintes deve ser utilizado para isolar o s\u00f3t\u00e3o do pa\u00eds:<\/p>\n<ul>\n<li>l\u00e3 mineral;<\/li>\n<li>espuma de poliestireno extrudido;<\/li>\n<li>Espuma de poliuretano.<\/li>\n<\/ul>\n<p>A espuma n\u00e3o \u00e9 a melhor op\u00e7\u00e3o, apesar da sua imensa popularidade. \u00c9 delicada, tem uma vida \u00fatil curta e liberta compostos t\u00f3xicos quando aquecida a uma temperatura baixa. Os ratos tamb\u00e9m o adoram.<\/p>\n<p>A espuma de poliestireno extrudido \u00e9 o melhor material quando se considera a poupan\u00e7a. Tamb\u00e9m liberta subst\u00e2ncias t\u00f3xicas, mas apenas quando a temperatura \u00e9 suficientemente elevada. Al\u00e9m disso, este aquecedor \u00e9 um dos melhores; a sua condutividade t\u00e9rmica s\u00f3 \u00e9 ultrapassada pela espuma de poliuretano.<\/p>\n<p><img decoding=\"async\" class=\"aligncenter\"  src=\"\/wp-content\/uploads\/2024\/07\/dachnye-mansardy-ot-cherdaka-do-zhiloj-komnaty_2.jpg\"><\/p>\n<p>Escolha espuma de poliuretano em placas ou espuma se precisar de m\u00e1xima efici\u00eancia. No entanto, o custo deste tipo de isolamento \u00e9 o mais elevado. O custo \u00e9 duas a tr\u00eas vezes superior ao da espuma de poliestireno extrudido.<\/p>\n<p><img decoding=\"async\" class=\"aligncenter\"  src=\"\/wp-content\/uploads\/2024\/07\/dachnye-mansardy-ot-cherdaka-do-zhiloj-komnaty_3.jpg\"><\/p>\n<p>Al\u00e9m disso, a l\u00e3 mineral \u00e9 a melhor op\u00e7\u00e3o para quem valoriza solu\u00e7\u00f5es ecol\u00f3gicas. \u00c9 simples de instalar, n\u00e3o queima e ret\u00e9m o calor na perfei\u00e7\u00e3o.<\/p>\n<p><img decoding=\"async\" class=\"aligncenter\"  src=\"\/wp-content\/uploads\/2024\/07\/dachnye-mansardy-ot-cherdaka-do-zhiloj-komnaty_4.jpg\"><\/p>\n<p>Independentemente do tipo de isolamento do s\u00f3t\u00e3o que selecionar para o seu pa\u00eds, este deve ser colocado o mais apertado poss\u00edvel entre as vigas e, se poss\u00edvel, espalhado. O tipo de isolamento e a \u00e1rea determinam a espessura da camada. Por exemplo, a espessura necess\u00e1ria da camada de isolamento t\u00e9rmico nas regi\u00f5es do norte pode atingir 400 mm, enquanto que no sul, a camada \u00e9 montada com 150 mm, e no centro, est\u00e1 entre 150 e 250 mm.<\/p>\n<p>\u00c9 aconselh\u00e1vel colocar o isolamento em, pelo menos, duas camadas, mesmo que seja pouco espesso: a primeira camada deve ser colocada entre as vigas, e a segunda camada deve sobrepor-se \u00e0s pernas das vigas. Isto \u00e9 necess\u00e1rio para evitar o desenvolvimento de &quot;pontes frias&quot; ou espa\u00e7os onde o calor escapa literalmente pelo telhado. Estas s\u00e3o as juntas entre as pr\u00f3prias vigas, as placas de aquecimento e o isolamento t\u00e9rmico.<\/p>\n<p><img decoding=\"async\" class=\"aligncenter\"  src=\"\/wp-content\/uploads\/2024\/07\/dachnye-mansardy-ot-cherdaka-do-zhiloj-komnaty_5.jpg\"><\/p>\n<p>Normalmente, \u00e9 utilizada uma cola especial para a instala\u00e7\u00e3o de espuma de poliuretano e espuma de poliestireno extrudido. Mas, para colocar a segunda camada de placas de mineralvate, \u00e9 necess\u00e1rio construir outra estrutura &#8211; desta vez com t\u00e1buas instaladas horizontalmente.<\/p>\n<h3>Instala\u00e7\u00e3o da barreira de vapor<\/h3>\n<p>A pel\u00edcula de barreira ao vapor tem de ser fixada por baixo do isolamento. Esta manter\u00e1 o vapor de \u00e1gua que est\u00e1 constantemente presente no espa\u00e7o afastado da camada de isolamento t\u00e9rmico. Na aus\u00eancia de um banco de vapor, esta humidade condensar-se-\u00e1 no interior da impermeabiliza\u00e7\u00e3o, fazendo com que os componentes de madeira e o isolamento do sistema de caibros se molhem.<\/p>\n<p><img decoding=\"async\" class=\"aligncenter\"  src=\"\/wp-content\/uploads\/2024\/07\/dachnye-mansardy-ot-cherdaka-do-zhiloj-komnaty_6.jpg\"><\/p>\n<p>Semelhante a um tanque hidr\u00e1ulico, a barreira de vapor precisa de ser herm\u00e9tica. Utilizando um agrafador de constru\u00e7\u00e3o, \u00e9 fixado \u00e0s vigas ou guias de modo a que haja pelo menos 100 mm entre as telas adjacentes. As paredes e outros obst\u00e1culos est\u00e3o a desenvolver uma barreira de vapor de 150 mm. \u00c9 necess\u00e1rio utilizar fita especial ou fita acr\u00edlica adesiva para colar todas as juntas.<\/p>\n<h3>Decora\u00e7\u00e3o interior<\/h3>\n<p>O acabamento do s\u00f3t\u00e3o \u00e9 o \u00faltimo passo para o transformar num s\u00f3t\u00e3o de campo. Para o conseguir, a caixa interior \u00e9 enchida e os materiais acabados j\u00e1 est\u00e3o montados em cima da camada de barreira de vapor.<\/p>\n<p>Para instalar o piso do s\u00f3t\u00e3o da casa de ver\u00e3o, utilize:<\/p>\n<ol>\n<li><strong>Parede de gesso cartonado, contraplacado ou<\/strong><strong>OSB<\/strong>. Decora\u00e7\u00e3o interior cl\u00e1ssica: barata, extremamente f\u00e1cil de instalar, material dur\u00e1vel.<\/li>\n<li><strong>Forro de pl\u00e1stico<\/strong>. Material ultraecon\u00f3mico e pr\u00e1tico que n\u00e3o necessita de decora\u00e7\u00e3o adicional. Mas n\u00e3o \u00e9 muito est\u00e9tico, desvanece-se com o tempo e, como qualquer pl\u00e1stico, \u00e9 muito perigoso.<\/li>\n<li><strong>T\u00e1buas de madeira ou forro<\/strong>. O material de acabamento \u00e9 bastante dispendioso, mas ap\u00f3s a instala\u00e7\u00e3o tem de ser pintado. E nem sempre.<\/li>\n<\/ol>\n<p>De qualquer forma, \u00e9 ideal para organizar um s\u00f3t\u00e3o em uma casa de campo. Antes de mais, adapta-se perfeitamente ao estilo da casa de aldeia. Em segundo lugar, a parede de gesso cartonado requer, no m\u00ednimo, massa de vidraceiro, enquanto as placas podem ser instaladas apenas com parafusos ou pregos. Al\u00e9m disso, \u00e9 dif\u00edcil de executar corretamente sem a experi\u00eancia necess\u00e1ria.<\/p>\n<p><img decoding=\"async\" class=\"aligncenter\"  src=\"\/wp-content\/uploads\/2024\/07\/dachnye-mansardy-ot-cherdaka-do-zhiloj-komnaty_7.jpg\"><\/p>\n<p>Tamb\u00e9m \u00e9 necess\u00e1rio programar o aquecimento do s\u00f3t\u00e3o neste momento. Na maior parte das vezes, criam um pavimento quente para este efeito, porque n\u00e3o \u00e9 necess\u00e1rio substituir o sistema de aquecimento da casa. Pode utilizar aquecedores por infravermelhos ou aparelhos de ar condicionado se o inverno n\u00e3o for demasiado frio.<\/p>\n<blockquote><p>\n   Transformar o seu s\u00f3t\u00e3o de ver\u00e3o numa \u00e1rea habit\u00e1vel melhorar\u00e1 o conforto e a utilidade da sua casa. Esta publica\u00e7\u00e3o aborda conselhos \u00fateis e aspectos a ter em conta ao transformar o seu s\u00f3t\u00e3o num espa\u00e7o confort\u00e1vel para viver no ver\u00e3o. Iremos acompanh\u00e1-lo ao longo do processo de cria\u00e7\u00e3o de um ref\u00fagio fresco e acolhedor debaixo do seu telhado, desde o isolamento e a ventila\u00e7\u00e3o at\u00e9 \u00e0s ideias de decora\u00e7\u00e3o que maximizam o espa\u00e7o e o conforto.&quot;\n  <\/p><\/blockquote>\n<p>A cria\u00e7\u00e3o de uma \u00e1rea de habita\u00e7\u00e3o \u00fatil no seu s\u00f3t\u00e3o de ver\u00e3o pode aumentar consideravelmente o conforto e a adaptabilidade da sua casa nos meses mais quentes. Mesmo nos dias mais quentes, pode criar um ref\u00fagio fresco que se mant\u00e9m confort\u00e1vel, utilizando uma ventila\u00e7\u00e3o e um isolamento eficientes.<\/p>\n<p>Ao limitar a transfer\u00eancia de calor do telhado, a utiliza\u00e7\u00e3o de materiais de isolamento adequados, como espuma ou fibra de vidro, ajuda a manter o s\u00f3t\u00e3o fresco. Para al\u00e9m de aumentar o conforto, isto mant\u00e9m a sua casa naturalmente mais fria, o que reduz a fatura energ\u00e9tica.<\/p>\n<p>A adi\u00e7\u00e3o de ventila\u00e7\u00e3o suficiente atrav\u00e9s de janelas, aberturas de ventila\u00e7\u00e3o ou ventoinhas tamb\u00e9m ajuda na circula\u00e7\u00e3o de ar fresco e preserva uma atmosfera confort\u00e1vel. Uma ventila\u00e7\u00e3o suficiente evita a acumula\u00e7\u00e3o de calor e humidade, permitindo-lhe criar um espa\u00e7o fresco e confort\u00e1vel no ver\u00e3o.<\/p>\n<p>Transformar o seu s\u00f3t\u00e3o num espa\u00e7o habit\u00e1vel no ver\u00e3o aumentar\u00e1 o espa\u00e7o \u00fatil da sua casa e aumentar\u00e1 o seu valor global. Um s\u00f3t\u00e3o bem isolado e ventilado \u00e9 um complemento adapt\u00e1vel ao seu espa\u00e7o habitacional, perfeito para se transformar numa \u00e1rea de lazer para as crian\u00e7as, um escrit\u00f3rio em casa ou um quarto de h\u00f3spedes.<\/p>\n<p>Tendo estes aspectos em mente, transformar o seu s\u00f3t\u00e3o num ref\u00fagio de ver\u00e3o pode ser um projeto gratificante que maximiza o espa\u00e7o de que disp\u00f5e, ao mesmo tempo que aumenta o conforto e a utilidade da sua casa.<\/p>\n<p>Esta conclus\u00e3o resume os benef\u00edcios e as considera\u00e7\u00f5es para transformar o seu s\u00f3t\u00e3o num espa\u00e7o de vida de ver\u00e3o, centrando-se na praticidade e no conforto. <\/p>\n<h2>V\u00eddeo sobre o tema<\/h2>\n<h3>S\u00f3t\u00e3o DIY s\u00f3t\u00e3o<\/h3>\n<p><iframe loading=\"lazy\" width=\"560\" height=\"315\" src=\"https:\/\/www.youtube.com\/embed\/EEBx1UNvjpI\" frameborder=\"0\" allow=\"autoplay; encrypted-media\" allowfullscreen><\/iframe><\/p>\n<h3>Pavimento do s\u00f3t\u00e3o em bricolage. Isolamento. O segredo da tarte!<\/h3>\n<p><iframe loading=\"lazy\" width=\"560\" height=\"315\" src=\"https:\/\/www.youtube.com\/embed\/KvpJJXYPUFA\" frameborder=\"0\" allow=\"autoplay; encrypted-media\" allowfullscreen><\/iframe><\/p>\n<h3>100 ideias super originais, o que pode ser feito no s\u00f3t\u00e3o<\/h3>\n<p><iframe loading=\"lazy\" width=\"560\" height=\"315\" src=\"https:\/\/www.youtube.com\/embed\/hD5vkYEXk5o\" frameborder=\"0\" allow=\"autoplay; encrypted-media\" allowfullscreen><\/iframe><\/p>\n<h3>&quot;Resposta de Daching&quot; a partir de 17.06.2026 &quot;leitor de s\u00f3t\u00e3os<\/h3>\n<p><iframe loading=\"lazy\" width=\"560\" height=\"315\" src=\"https:\/\/www.youtube.com\/embed\/AFj5RHNdLxo\" frameborder=\"0\" allow=\"autoplay; encrypted-media\" allowfullscreen><\/iframe><\/p>\n<h3>S\u00f3t\u00e3o: design e interior. Ideias para o s\u00f3t\u00e3o da casa<\/h3>\n<p><iframe loading=\"lazy\" width=\"560\" height=\"315\" src=\"https:\/\/www.youtube.com\/embed\/uGPAov8CksQ\" frameborder=\"0\" allow=\"autoplay; encrypted-media\" allowfullscreen><\/iframe><\/p>\n<h3>O s\u00f3t\u00e3o VS s\u00f3t\u00e3o? Porque \u00e9 que n\u00e3o se pode fazer um s\u00f3t\u00e3o!<\/h3>\n<p><iframe loading=\"lazy\" width=\"560\" height=\"315\" src=\"https:\/\/www.youtube.com\/embed\/b5EFx-yIcfM\" frameborder=\"0\" allow=\"autoplay; encrypted-media\" allowfullscreen><\/iframe><\/p>\n<h3>O s\u00f3t\u00e3o mais acolhedor com as suas pr\u00f3prias m\u00e3os. Parte 2<\/h3>\n<p><iframe loading=\"lazy\" width=\"560\" height=\"315\" src=\"https:\/\/www.youtube.com\/embed\/knmGG-4rOrg\" frameborder=\"0\" allow=\"autoplay; encrypted-media\" allowfullscreen><\/iframe><\/p>\n","protected":false},"excerpt":{"rendered":"<p>Especialmente no ver\u00e3o, transformar o seu s\u00f3t\u00e3o numa \u00e1rea de habita\u00e7\u00e3o \u00fatil pode mudar completamente a sua vida. Transformar o seu s\u00f3t\u00e3o numa confort\u00e1vel sala de estar tem muitas vantagens em rela\u00e7\u00e3o a mant\u00ea-lo como uma \u00e1rea de armazenamento ou um espa\u00e7o subutilizado. Permite-lhe ter mais espa\u00e7o \u00fatil em casa e um local fresco para [&hellip;]<\/p>\n","protected":false},"author":17,"featured_media":0,"comment_status":"open","ping_status":"open","sticky":false,"template":"","format":"standard","meta":{"footnotes":""},"categories":[23],"tags":[],"class_list":["post-2255","post","type-post","status-publish","format-standard","","category-attic"],"yoast_head":"<!-- This site is optimized with the Yoast SEO plugin v28.2 - https:\/\/yoast.com\/product\/yoast-seo-wordpress\/ -->\n<title>S\u00f3t\u00e3o rural: como fazer e organizar<\/title>\n<meta name=\"description\" content=\"Explore a transforma\u00e7\u00e3o do seu s\u00f3t\u00e3o de ver\u00e3o num espa\u00e7o de vida funcional com o nosso guia completo. Descubra dicas de design, op\u00e7\u00f5es de isolamento e conselhos pr\u00e1ticos para criar um ambiente confort\u00e1vel debaixo do seu teto.\" \/>\n<meta name=\"robots\" content=\"index, follow, max-snippet:-1, max-image-preview:large, max-video-preview:-1\" \/>\n<link rel=\"canonical\" href=\"https:\/\/innfes.com\/pt\/summer-attic-from-the-attic-to-the-living-room\/\" \/>\n<meta property=\"og:locale\" content=\"pt_PT\" \/>\n<meta property=\"og:type\" content=\"article\" \/>\n<meta property=\"og:title\" content=\"S\u00f3t\u00e3o rural: como fazer e organizar\" \/>\n<meta property=\"og:description\" content=\"Explore a transforma\u00e7\u00e3o do seu s\u00f3t\u00e3o de ver\u00e3o num espa\u00e7o de vida funcional com o nosso guia completo. Descubra dicas de design, op\u00e7\u00f5es de isolamento e conselhos pr\u00e1ticos para criar um ambiente confort\u00e1vel debaixo do seu teto.\" \/>\n<meta property=\"og:url\" content=\"https:\/\/innfes.com\/pt\/summer-attic-from-the-attic-to-the-living-room\/\" \/>\n<meta property=\"og:site_name\" content=\"Innfes.com\" \/>\n<meta property=\"article:published_time\" content=\"2024-07-02T17:27:12+00:00\" \/>\n<meta name=\"author\" content=\"Alexandra Fedorova\" \/>\n<meta name=\"twitter:card\" content=\"summary_large_image\" \/>\n<meta name=\"twitter:label1\" content=\"Escrito por\" \/>\n\t<meta name=\"twitter:data1\" content=\"Alexandra Fedorova\" \/>\n\t<meta name=\"twitter:label2\" content=\"Tempo estimado de leitura\" \/>\n\t<meta name=\"twitter:data2\" content=\"10 minutos\" \/>\n<script type=\"application\/ld+json\" class=\"yoast-schema-graph\">{\"@context\":\"https:\\\/\\\/schema.org\",\"@graph\":[{\"@type\":\"Article\",\"@id\":\"https:\\\/\\\/innfes.com\\\/pt\\\/summer-attic-from-the-attic-to-the-living-room\\\/#article\",\"isPartOf\":{\"@id\":\"https:\\\/\\\/innfes.com\\\/pt\\\/summer-attic-from-the-attic-to-the-living-room\\\/\"},\"author\":{\"name\":\"Alexandra Fedorova\",\"@id\":\"https:\\\/\\\/innfes.com\\\/pt\\\/#\\\/schema\\\/person\\\/48b79c2d52da0bda2e6a4185e987e288\"},\"headline\":\"S\u00f3t\u00e3o de ver\u00e3o: do s\u00f3t\u00e3o para a sala de estar\",\"datePublished\":\"2024-07-02T17:27:12+00:00\",\"mainEntityOfPage\":{\"@id\":\"https:\\\/\\\/innfes.com\\\/pt\\\/summer-attic-from-the-attic-to-the-living-room\\\/\"},\"wordCount\":1952,\"commentCount\":0,\"articleSection\":[\"S\u00f3t\u00e3o\"],\"inLanguage\":\"pt-PT\",\"potentialAction\":[{\"@type\":\"CommentAction\",\"name\":\"Comment\",\"target\":[\"https:\\\/\\\/innfes.com\\\/pt\\\/summer-attic-from-the-attic-to-the-living-room\\\/#respond\"]}]},{\"@type\":\"WebPage\",\"@id\":\"https:\\\/\\\/innfes.com\\\/pt\\\/summer-attic-from-the-attic-to-the-living-room\\\/\",\"url\":\"https:\\\/\\\/innfes.com\\\/pt\\\/summer-attic-from-the-attic-to-the-living-room\\\/\",\"name\":\"S\u00f3t\u00e3o rural: como fazer e organizar\",\"isPartOf\":{\"@id\":\"https:\\\/\\\/innfes.com\\\/pt\\\/#website\"},\"datePublished\":\"2024-07-02T17:27:12+00:00\",\"author\":{\"@id\":\"https:\\\/\\\/innfes.com\\\/pt\\\/#\\\/schema\\\/person\\\/48b79c2d52da0bda2e6a4185e987e288\"},\"description\":\"Explore a transforma\u00e7\u00e3o do seu s\u00f3t\u00e3o de ver\u00e3o num espa\u00e7o de vida funcional com o nosso guia completo. Descubra dicas de design, op\u00e7\u00f5es de isolamento e conselhos pr\u00e1ticos para criar um ambiente confort\u00e1vel debaixo do seu teto.\",\"breadcrumb\":{\"@id\":\"https:\\\/\\\/innfes.com\\\/pt\\\/summer-attic-from-the-attic-to-the-living-room\\\/#breadcrumb\"},\"inLanguage\":\"pt-PT\",\"potentialAction\":[{\"@type\":\"ReadAction\",\"target\":[\"https:\\\/\\\/innfes.com\\\/pt\\\/summer-attic-from-the-attic-to-the-living-room\\\/\"]}]},{\"@type\":\"BreadcrumbList\",\"@id\":\"https:\\\/\\\/innfes.com\\\/pt\\\/summer-attic-from-the-attic-to-the-living-room\\\/#breadcrumb\",\"itemListElement\":[{\"@type\":\"ListItem\",\"position\":1,\"name\":\"Lar\",\"item\":\"https:\\\/\\\/innfes.com\\\/pt\\\/\"},{\"@type\":\"ListItem\",\"position\":2,\"name\":\"S\u00f3t\u00e3o de ver\u00e3o: do s\u00f3t\u00e3o para a sala de estar\"}]},{\"@type\":\"WebSite\",\"@id\":\"https:\\\/\\\/innfes.com\\\/pt\\\/#website\",\"url\":\"https:\\\/\\\/innfes.com\\\/pt\\\/\",\"name\":\"Innfes.com\",\"description\":\"Tudo sobre telhados e materiais de cobertura\",\"potentialAction\":[{\"@type\":\"SearchAction\",\"target\":{\"@type\":\"EntryPoint\",\"urlTemplate\":\"https:\\\/\\\/innfes.com\\\/pt\\\/?s={search_term_string}\"},\"query-input\":{\"@type\":\"PropertyValueSpecification\",\"valueRequired\":true,\"valueName\":\"search_term_string\"}}],\"inLanguage\":\"pt-PT\"},{\"@type\":\"Person\",\"@id\":\"https:\\\/\\\/innfes.com\\\/pt\\\/#\\\/schema\\\/person\\\/48b79c2d52da0bda2e6a4185e987e288\",\"name\":\"Alexandra Fedorova\",\"image\":{\"@type\":\"ImageObject\",\"inLanguage\":\"pt-PT\",\"@id\":\"https:\\\/\\\/secure.gravatar.com\\\/avatar\\\/54caba17b5890625e2f1ab7b641a7ceaca93f9d0f352bfd60cfd7842d95f4303?s=96&d=mm&r=g\",\"url\":\"https:\\\/\\\/secure.gravatar.com\\\/avatar\\\/54caba17b5890625e2f1ab7b641a7ceaca93f9d0f352bfd60cfd7842d95f4303?s=96&d=mm&r=g\",\"contentUrl\":\"https:\\\/\\\/secure.gravatar.com\\\/avatar\\\/54caba17b5890625e2f1ab7b641a7ceaca93f9d0f352bfd60cfd7842d95f4303?s=96&d=mm&r=g\",\"caption\":\"Alexandra Fedorova\"},\"description\":\"Jornalista, autor de artigos sobre constru\u00e7\u00e3o e repara\u00e7\u00e3o. Ajud\u00e1-lo-ei a compreender as quest\u00f5es complexas relacionadas com a escolha e a instala\u00e7\u00e3o do telhado.\",\"url\":\"https:\\\/\\\/innfes.com\\\/pt\\\/author\\\/author-publications-pt_4\\\/\"}]}<\/script>\n<!-- \/ Yoast SEO plugin. -->","yoast_head_json":{"title":"S\u00f3t\u00e3o rural: como fazer e organizar","description":"Explore a transforma\u00e7\u00e3o do seu s\u00f3t\u00e3o de ver\u00e3o num espa\u00e7o de vida funcional com o nosso guia completo. Descubra dicas de design, op\u00e7\u00f5es de isolamento e conselhos pr\u00e1ticos para criar um ambiente confort\u00e1vel debaixo do seu teto.","robots":{"index":"index","follow":"follow","max-snippet":"max-snippet:-1","max-image-preview":"max-image-preview:large","max-video-preview":"max-video-preview:-1"},"canonical":"https:\/\/innfes.com\/pt\/summer-attic-from-the-attic-to-the-living-room\/","og_locale":"pt_PT","og_type":"article","og_title":"S\u00f3t\u00e3o rural: como fazer e organizar","og_description":"Explore a transforma\u00e7\u00e3o do seu s\u00f3t\u00e3o de ver\u00e3o num espa\u00e7o de vida funcional com o nosso guia completo. Descubra dicas de design, op\u00e7\u00f5es de isolamento e conselhos pr\u00e1ticos para criar um ambiente confort\u00e1vel debaixo do seu teto.","og_url":"https:\/\/innfes.com\/pt\/summer-attic-from-the-attic-to-the-living-room\/","og_site_name":"Innfes.com","article_published_time":"2024-07-02T17:27:12+00:00","author":"Alexandra Fedorova","twitter_card":"summary_large_image","twitter_misc":{"Escrito por":"Alexandra Fedorova","Tempo estimado de leitura":"10 minutos"},"schema":{"@context":"https:\/\/schema.org","@graph":[{"@type":"Article","@id":"https:\/\/innfes.com\/pt\/summer-attic-from-the-attic-to-the-living-room\/#article","isPartOf":{"@id":"https:\/\/innfes.com\/pt\/summer-attic-from-the-attic-to-the-living-room\/"},"author":{"name":"Alexandra Fedorova","@id":"https:\/\/innfes.com\/pt\/#\/schema\/person\/48b79c2d52da0bda2e6a4185e987e288"},"headline":"S\u00f3t\u00e3o de ver\u00e3o: do s\u00f3t\u00e3o para a sala de estar","datePublished":"2024-07-02T17:27:12+00:00","mainEntityOfPage":{"@id":"https:\/\/innfes.com\/pt\/summer-attic-from-the-attic-to-the-living-room\/"},"wordCount":1952,"commentCount":0,"articleSection":["S\u00f3t\u00e3o"],"inLanguage":"pt-PT","potentialAction":[{"@type":"CommentAction","name":"Comment","target":["https:\/\/innfes.com\/pt\/summer-attic-from-the-attic-to-the-living-room\/#respond"]}]},{"@type":"WebPage","@id":"https:\/\/innfes.com\/pt\/summer-attic-from-the-attic-to-the-living-room\/","url":"https:\/\/innfes.com\/pt\/summer-attic-from-the-attic-to-the-living-room\/","name":"S\u00f3t\u00e3o rural: como fazer e organizar","isPartOf":{"@id":"https:\/\/innfes.com\/pt\/#website"},"datePublished":"2024-07-02T17:27:12+00:00","author":{"@id":"https:\/\/innfes.com\/pt\/#\/schema\/person\/48b79c2d52da0bda2e6a4185e987e288"},"description":"Explore a transforma\u00e7\u00e3o do seu s\u00f3t\u00e3o de ver\u00e3o num espa\u00e7o de vida funcional com o nosso guia completo. Descubra dicas de design, op\u00e7\u00f5es de isolamento e conselhos pr\u00e1ticos para criar um ambiente confort\u00e1vel debaixo do seu teto.","breadcrumb":{"@id":"https:\/\/innfes.com\/pt\/summer-attic-from-the-attic-to-the-living-room\/#breadcrumb"},"inLanguage":"pt-PT","potentialAction":[{"@type":"ReadAction","target":["https:\/\/innfes.com\/pt\/summer-attic-from-the-attic-to-the-living-room\/"]}]},{"@type":"BreadcrumbList","@id":"https:\/\/innfes.com\/pt\/summer-attic-from-the-attic-to-the-living-room\/#breadcrumb","itemListElement":[{"@type":"ListItem","position":1,"name":"Lar","item":"https:\/\/innfes.com\/pt\/"},{"@type":"ListItem","position":2,"name":"S\u00f3t\u00e3o de ver\u00e3o: do s\u00f3t\u00e3o para a sala de estar"}]},{"@type":"WebSite","@id":"https:\/\/innfes.com\/pt\/#website","url":"https:\/\/innfes.com\/pt\/","name":"Innfes.com","description":"Tudo sobre telhados e materiais de cobertura","potentialAction":[{"@type":"SearchAction","target":{"@type":"EntryPoint","urlTemplate":"https:\/\/innfes.com\/pt\/?s={search_term_string}"},"query-input":{"@type":"PropertyValueSpecification","valueRequired":true,"valueName":"search_term_string"}}],"inLanguage":"pt-PT"},{"@type":"Person","@id":"https:\/\/innfes.com\/pt\/#\/schema\/person\/48b79c2d52da0bda2e6a4185e987e288","name":"Alexandra Fedorova","image":{"@type":"ImageObject","inLanguage":"pt-PT","@id":"https:\/\/secure.gravatar.com\/avatar\/54caba17b5890625e2f1ab7b641a7ceaca93f9d0f352bfd60cfd7842d95f4303?s=96&d=mm&r=g","url":"https:\/\/secure.gravatar.com\/avatar\/54caba17b5890625e2f1ab7b641a7ceaca93f9d0f352bfd60cfd7842d95f4303?s=96&d=mm&r=g","contentUrl":"https:\/\/secure.gravatar.com\/avatar\/54caba17b5890625e2f1ab7b641a7ceaca93f9d0f352bfd60cfd7842d95f4303?s=96&d=mm&r=g","caption":"Alexandra Fedorova"},"description":"Jornalista, autor de artigos sobre constru\u00e7\u00e3o e repara\u00e7\u00e3o. Ajud\u00e1-lo-ei a compreender as quest\u00f5es complexas relacionadas com a escolha e a instala\u00e7\u00e3o do telhado.","url":"https:\/\/innfes.com\/pt\/author\/author-publications-pt_4\/"}]}},"_links":{"self":[{"href":"https:\/\/innfes.com\/pt\/wp-json\/wp\/v2\/posts\/2255","targetHints":{"allow":["GET"]}}],"collection":[{"href":"https:\/\/innfes.com\/pt\/wp-json\/wp\/v2\/posts"}],"about":[{"href":"https:\/\/innfes.com\/pt\/wp-json\/wp\/v2\/types\/post"}],"author":[{"embeddable":true,"href":"https:\/\/innfes.com\/pt\/wp-json\/wp\/v2\/users\/17"}],"replies":[{"embeddable":true,"href":"https:\/\/innfes.com\/pt\/wp-json\/wp\/v2\/comments?post=2255"}],"version-history":[{"count":0,"href":"https:\/\/innfes.com\/pt\/wp-json\/wp\/v2\/posts\/2255\/revisions"}],"wp:attachment":[{"href":"https:\/\/innfes.com\/pt\/wp-json\/wp\/v2\/media?parent=2255"}],"wp:term":[{"taxonomy":"category","embeddable":true,"href":"https:\/\/innfes.com\/pt\/wp-json\/wp\/v2\/categories?post=2255"},{"taxonomy":"post_tag","embeddable":true,"href":"https:\/\/innfes.com\/pt\/wp-json\/wp\/v2\/tags?post=2255"}],"curies":[{"name":"wp","href":"https:\/\/api.w.org\/{rel}","templated":true}]}}